{"id":2571,"date":"2024-02-19T18:17:46","date_gmt":"2024-02-19T17:17:46","guid":{"rendered":"http:\/\/preprod.boucles-drome-ardeche.fr\/?p=2571"},"modified":"2024-02-24T09:09:23","modified_gmt":"2024-02-24T08:09:23","slug":"durabilite","status":"publish","type":"post","link":"https:\/\/boucles-drome-ardeche.fr\/index.php\/2024\/02\/19\/durabilite\/","title":{"rendered":"Les Boucles Dr\u00f4me Ard\u00e8che s\u2019engagent pour plus de durabilit\u00e9 !"},"content":{"rendered":"\n<p>Le Comit\u00e9 d\u2019Organisation des Boucles Dr\u00f4me Ard\u00e8che s&#8217;engage \u00e0 promouvoir la durabilit\u00e9 dans le cyclisme, en soutenant la vision de l&#8217;Union Cycliste Internationale (UCI) et en adoptant des mesures concr\u00e8tes pour r\u00e9duire leur empreinte environnementale.<\/p>\n\n\n\n<p>C\u2019est dans cette optique que nous avons \u00e9labor\u00e9 un guide de durabilit\u00e9 visant \u00e0 \u00e9valuer l\u2019impact environnemental de la course lors de l&#8217;\u00e9dition 2024 de l&#8217;\u00e9v\u00e9nement.<\/p>\n\n\n\n<p>Ce guide comprend l&#8217;utilisation d&#8217;un outil de calcul du bilan carbone, la plateforme GCI (Global Climate Initiative), en partenariat avec l&#8217;UCI, ainsi que l&#8217;identification des grands axes d&#8217;\u00e9missions de carbone. \u00c0 partir de l\u00e0, des objectifs de r\u00e9duction seront fix\u00e9s pour l&#8217;\u00e9dition 2025, avec la mise en place d&#8217;actions appropri\u00e9es dans diff\u00e9rents domaines.<\/p>\n\n\n\n<p>L&#8217;\u00e9dition 2025 permettra d&#8217;\u00e9valuer les progr\u00e8s r\u00e9alis\u00e9s et d&#8217;ajuster les actions en vue de championnats d&#8217;Europe 2025.<\/p>\n\n\n\n<p>La durabilit\u00e9 ne se limite pas \u00e0 l&#8217;environnement, mais englobe \u00e9galement l&#8217;adoption de pratiques responsables \u00e0 tous les niveaux, en lien avec le plus grand nombre de partenaires sur le territoire.<\/p>\n\n\n\n<p>C\u2019est pourquoi nous sommes fiers d&#8217;annoncer notre partenariat avec le groupe GPA, un acteur majeur du recyclage bas\u00e9 \u00e0 Livron-sur-Dr\u00f4me, qui mettra son expertise au service de cet ambitieux programme. Le groupe GPA partage notre engagement \u00e9cologique, \u00e9conomique et social \u2013 en un mot durable \u2013 en collectant et en donnant une seconde vie aux pi\u00e8ces et mat\u00e9riaux de voitures hors d&#8217;usage, tout en recyclant les produits polluants.<\/p>\n\n\n\n<p class=\"has-text-align-right\">\u00c0 propos du groupe GPA : <a href=\"https:\/\/www.gpa26.com\/fr\/\">https:\/\/www.gpa26.com\/fr\/<\/a><br>\u00c0 propos de l&#8217;UCI : <a href=\"https:\/\/fr.uci.org\/\">https:\/\/fr.uci.org\/<\/a><\/p>\n","protected":false},"excerpt":{"rendered":"<p>Le Comit\u00e9 d\u2019Organisation des Boucles Dr\u00f4me Ard\u00e8che s&#8217;engage \u00e0 promouvoir la durabilit\u00e9 &#8230;.<\/p>\n","protected":false},"author":1,"featured_media":3862,"comment_status":"closed","ping_status":"closed","sticky":false,"template":"","format":"standard","meta":{"footnotes":""},"categories":[1],"tags":[],"class_list":["post-2571","post","type-post","status-publish","format-standard","has-post-thumbnail","hentry","category-uncategorized"],"_links":{"self":[{"href":"https:\/\/boucles-drome-ardeche.fr\/index.php\/wp-json\/wp\/v2\/posts\/2571","targetHints":{"allow":["GET"]}}],"collection":[{"href":"https:\/\/boucles-drome-ardeche.fr\/index.php\/wp-json\/wp\/v2\/posts"}],"about":[{"href":"https:\/\/boucles-drome-ardeche.fr\/index.php\/wp-json\/wp\/v2\/types\/post"}],"author":[{"embeddable":true,"href":"https:\/\/boucles-drome-ardeche.fr\/index.php\/wp-json\/wp\/v2\/users\/1"}],"replies":[{"embeddable":true,"href":"https:\/\/boucles-drome-ardeche.fr\/index.php\/wp-json\/wp\/v2\/comments?post=2571"}],"version-history":[{"count":7,"href":"https:\/\/boucles-drome-ardeche.fr\/index.php\/wp-json\/wp\/v2\/posts\/2571\/revisions"}],"predecessor-version":[{"id":3910,"href":"https:\/\/boucles-drome-ardeche.fr\/index.php\/wp-json\/wp\/v2\/posts\/2571\/revisions\/3910"}],"wp:featuredmedia":[{"embeddable":true,"href":"https:\/\/boucles-drome-ardeche.fr\/index.php\/wp-json\/wp\/v2\/media\/3862"}],"wp:attachment":[{"href":"https:\/\/boucles-drome-ardeche.fr\/index.php\/wp-json\/wp\/v2\/media?parent=2571"}],"wp:term":[{"taxonomy":"category","embeddable":true,"href":"https:\/\/boucles-drome-ardeche.fr\/index.php\/wp-json\/wp\/v2\/categories?post=2571"},{"taxonomy":"post_tag","embeddable":true,"href":"https:\/\/boucles-drome-ardeche.fr\/index.php\/wp-json\/wp\/v2\/tags?post=2571"}],"curies":[{"name":"wp","href":"https:\/\/api.w.org\/{rel}","templated":true}]}}