{"id":3009,"date":"2024-02-21T18:06:43","date_gmt":"2024-02-21T17:06:43","guid":{"rendered":"http:\/\/boucles-drome-ardeche.fr\/?p=3009"},"modified":"2024-02-24T09:09:50","modified_gmt":"2024-02-24T08:09:50","slug":"un-plateau-5-etoiles","status":"publish","type":"post","link":"https:\/\/boucles-drome-ardeche.fr\/index.php\/2024\/02\/21\/un-plateau-5-etoiles\/","title":{"rendered":"Un plateau cinq \u00e9toiles au d\u00e9part des Boucles Dr\u00f4me Ard\u00e8che 2024 !"},"content":{"rendered":"\n<p>La Faun Ard\u00e8che Classic et la Faun Dr\u00f4me Classic s\u2019imposent d\u2019ann\u00e9e en ann\u00e9e comme des rendez-vous importants du calendrier pour de nombreuses \u00e9quipes, s\u00e9duites par les parcours exigeants offerts par les routes de nos d\u00e9partements. Confirmant ainsi leur succ\u00e8s, tant aupr\u00e8s du public que des \u00e9quipes participantes, ce ne sont pas moins de 13 \u00e9quipes pr\u00e9sentes sur le prochain Tour de France 2024 qui prendront le d\u00e9part des \u00e9ditions 2024. Un plateau tr\u00e8s homog\u00e8ne est attendu, avec une imposante liste de pr\u00e9tendants \u00e0 la victoire pour les deux \u00e9preuves.<br>\u00ab <em>Au regard du calendrier extr\u00eamement concurrentiel sur ce week-end (Het Nieuwsblad, UAE tour, Grand Camino, Rwanda), nous sommes tr\u00e8s heureux du plateau pr\u00e9sent au d\u00e9part de nos deux courses. Il est probablement l\u2019un des plus denses et homog\u00e8nes de ces derni\u00e8res ann\u00e9es avec un important contingent de coureurs, fran\u00e7ais ou \u00e9trangers, en capacit\u00e9 de s\u2019imposer. L\u2019indice \u00ab startlist quality \u00bb sera \u00e9galement l\u2019un des plus importants de ces dix derni\u00e8res \u00e9ditions<\/em>. \u00bb<br><strong>Guillaume Delpech<\/strong>, Pr\u00e9sident fondateur des Boucles Dr\u00f4me-Ard\u00e8che.<\/p>\n\n\n\n<p>Apr\u00e8s deux victoires tricolores en 2023 (Julian Alaphilippe et Anthony Perez), les forces fran\u00e7aises seront \u00e0 nouveau tr\u00e8s nombreuses au d\u00e9part mais auront fort \u00e0 faire face \u00e0 des coureurs internationaux majeurs. Du tr\u00e8s beau monde du c\u00f4t\u00e9 de la ligne de d\u00e9part\u2026<\/p>\n\n\n\n<p>Une \u00e9quipe <strong>Groupama FDJ<\/strong> tr\u00e8s comp\u00e9titive avec le Champion de France en titre, <strong>Valentin Madouas<\/strong>, capable de s\u2019imposer sur les deux \u00e9preuves et la pr\u00e9sence de <strong>Romain Gr\u00e9goire<\/strong> qui sera en lice le samedi sur la Faun Ard\u00e8che Classic (5e l\u2019an dernier sur cette m\u00eame \u00e9preuve).<\/p>\n\n\n\n<p>L\u2019\u00e9quipe <strong>Decathlon AG2R<\/strong> qui a toujours \u00e0 coeur de briller dans sa R\u00e9gion Auvergne Rh\u00f4ne-Alpes et qui fait le choix de l\u2019alternance avec <strong>Aur\u00e9lien Paret-Peintre<\/strong> et <strong>Victor Lafay<\/strong> le samedi avant de miser sur <strong>Beno\u00eet Cosnefroy<\/strong> le dimanche. Le r\u00e9cent vainqueur du Tour 06 aura \u00e0 coeur de faire parler son punch dans l\u2019ascension finale \u00e0 \u00c9toile-sur-Rh\u00f4ne.<\/p>\n\n\n\n<p>Une solide \u00e9quipe <strong>DSM Firmenich<\/strong> emmen\u00e9e par un r\u00e9gional de l\u2019\u00e9tape, le tr\u00e8s affut\u00e9 <strong>Romain Bardet<\/strong>, qui peut se targuer d\u2019\u00eatre l\u2019un des trois coureurs ayant d\u00e9j\u00e0 remport\u00e9 la Faun Ard\u00e8che Classic et la Faun Dr\u00f4me Classic, accompagn\u00e9 par un autre habitu\u00e9 des Boucles, <strong>Warren Barguil<\/strong>.<\/p>\n\n\n\n<p><strong>Lilian Calmejane<\/strong>, pour l\u2019\u00e9quipe <strong>Intermarch\u00e9-Circus-Wanty<\/strong> et pour continuer la liste des habitu\u00e9s, qui est, comme <strong>Romain Bardet<\/strong>, l\u2019un des trois coureurs ayant d\u00e9j\u00e0 remport\u00e9 nos deux courses.<\/p>\n\n\n\n<p>Une \u00e9quipe <strong>Cofidis<\/strong> tenante du titre sur la Faun Dr\u00f4me Classic avec <strong>Anthony Perez<\/strong> et un <strong>Guillaume Martin<\/strong> toujours tr\u00e8s \u00e0 l\u2019aise sur les parcours des Boucles. \u00c0 noter \u00e9galement la pr\u00e9sence du solide coureur basque <strong>Ion Izagirre<\/strong>, coureur tr\u00e8s exp\u00e9riment\u00e9 et toujours capable de surprendre la concurrence, comme il nous l\u2019a montr\u00e9 l\u2019an dernier sur le Tour de France, en remportant la 12e \u00e9tape.<\/p>\n\n\n\n<p><strong>Mathieu Burgaudeau<\/strong> pourra exprimer ses qualit\u00e9s de puncheur et pourra compter sur la parfaite connaissance du terrain de l\u2019Ard\u00e9chois <strong>Sandy Dujardin<\/strong> au sein de l\u2019\u00e9quipe Total Energies.<\/p>\n\n\n\n<p>La r\u00e9v\u00e9lation fran\u00e7aise du d\u00e9but de saison (d\u00e9j\u00e0 deux victoires) <strong>Paul Magnier<\/strong> sera pr\u00e9sent dans les rangs de l\u2019\u00e9quipe <strong>Soudal Quick-Step<\/strong>, toujours comp\u00e9titive sur ces routes. Mais c\u2019est peut-\u00eatre un autre espoir du cyclisme tricolore qui se r\u00e9v\u00e9lera en la personne d\u2019<strong>Antoine Huby<\/strong>, dont le profil devrait parfaitement correspondre aux difficult\u00e9s propos\u00e9es, notamment sur la Faun Ard\u00e8che Classic<\/p>\n\n\n\n<p><strong>Pavel Sivakov<\/strong> sera \u00e0 la t\u00eate d\u2019une impressionnante \u00e9quipe <strong>UAE Emirates<\/strong> qui comptera \u00e9galement sur <strong>Marc Hirschi<\/strong> et <strong>Juan Ayuso<\/strong> pour glaner la victoire sur les deux \u00e9preuves. Pour m\u00e9moire, <strong>Juan Ayuso<\/strong> s\u2019\u00e9tait r\u00e9v\u00e9l\u00e9 sur la Faun Dr\u00f4me Classic 2022 lors de sa premi\u00e8re ann\u00e9e professionnelle, en prenant part au raid victorieux de plus de 40 km de <strong>Jonas Vingegaard<\/strong>, double vainqueur du Tour de France.<\/p>\n\n\n\n<p><strong>Mattias Skjelmose<\/strong>, 3e sur la Faun Ard\u00e8che Classic en 2023, revient cette ann\u00e9e pour lever les bras. L\u2019ambitieux coureur danois pourra compter sur une \u00e9quipe <strong>Lidl Trek<\/strong> en pleine r\u00e9ussite depuis le d\u00e9but de saison pour l\u2019accompagner dans cette mission (<strong>Bauke Mollema<\/strong>,<strong> Quinn Simmons<\/strong>, <strong>Sam Oomen<\/strong>\u2026).<\/p>\n\n\n\n<p><strong>Maxime Van Gils<\/strong>, r\u00e9cent vainqueur de la Ruta del Sol (devant <strong>Juan Ayuso<\/strong>\u2026) emm\u00e8nera une \u00e9quipe <strong>Lotto Dstny<\/strong> comp\u00e9titive et en plein renouvellement, au sein de laquelle nous aurons le plaisir de retrouver le tout nouveau directeur sportif, <strong>Tony Gallopin<\/strong>.<\/p>\n\n\n\n<p>L\u2019\u00e9quipe <strong>Isra\u00ebl Premier Tech<\/strong> aura de s\u00e9rieux atouts avec <strong>Micha\u00ebl Woods<\/strong> (vainqueur au sommet du Puy de D\u00f4me sur le Tour de France 2024) et Stephen Williams, vainqueur du Tour Down Under en janvier dernier.<\/p>\n\n\n\n<p>L\u2019Italien de l\u2019\u00e9quipe <strong>Arkea-B&amp;B Hotels<\/strong>, <strong>Vincenzo Albanese<\/strong>, 2e du Tour 06, sera \u00e9galement \u00e0 surveiller de tr\u00e8s pr\u00e8s.<\/p>\n\n\n\n<p>Enfin, l\u2019Autrichien <strong>Felix Gall<\/strong>, r\u00e9v\u00e9lation de la saison 2023, est finalement annonc\u00e9 pr\u00e9sent au d\u00e9part de la Faun Ard\u00e8che Classic, une \u00e9preuve \u00e0 son go\u00fbt, sur laquelle il s\u2019\u00e9tait class\u00e9 6e l\u2019ann\u00e9e pass\u00e9e.<\/p>\n\n\n\n<p class=\"has-text-align-center\"><strong>La 24e \u00e9dition de la Faun Ard\u00e8che Classic aura lieu ce samedi 24 f\u00e9vrier 2024.<br>Guilherand-Granges accueillera le d\u00e9part et l\u2019arriv\u00e9e de l\u2019\u00e9preuve.<br>Le d\u00e9part fictif sera donn\u00e9 \u00e0 11h55 et le d\u00e9part r\u00e9el \u00e0 12h00.<br>La 12e \u00e9dition de la Faun Dr\u00f4me Classic se disputera ce dimanche 25 f\u00e9vrier 2024.<br>\u00c9toile-sur-Rh\u00f4ne accueillera le d\u00e9part et l\u2019arriv\u00e9e de l\u2019\u00e9preuve.<br>Le d\u00e9part fictif sera donn\u00e9 \u00e0 11h30 et le d\u00e9part r\u00e9el \u00e0 11h35.<br>La cha\u00eene L\u2019\u00c9quipe retransmettra les deux courses en clair et en direct (canal 21).<br>Plus de huit heures de direct cumul\u00e9es<\/strong><\/p>\n","protected":false},"excerpt":{"rendered":"<p>La Faun Ard\u00e8che Classic et la Faun Dr\u00f4me Classic s\u2019imposent d\u2019ann\u00e9e en ann\u00e9e comme des rendez-vous importants du calendrier&#8230;.<\/p>\n","protected":false},"author":1,"featured_media":3885,"comment_status":"closed","ping_status":"open","sticky":false,"template":"","format":"standard","meta":{"footnotes":""},"categories":[1],"tags":[],"class_list":["post-3009","post","type-post","status-publish","format-standard","has-post-thumbnail","hentry","category-uncategorized"],"_links":{"self":[{"href":"https:\/\/boucles-drome-ardeche.fr\/index.php\/wp-json\/wp\/v2\/posts\/3009","targetHints":{"allow":["GET"]}}],"collection":[{"href":"https:\/\/boucles-drome-ardeche.fr\/index.php\/wp-json\/wp\/v2\/posts"}],"about":[{"href":"https:\/\/boucles-drome-ardeche.fr\/index.php\/wp-json\/wp\/v2\/types\/post"}],"author":[{"embeddable":true,"href":"https:\/\/boucles-drome-ardeche.fr\/index.php\/wp-json\/wp\/v2\/users\/1"}],"replies":[{"embeddable":true,"href":"https:\/\/boucles-drome-ardeche.fr\/index.php\/wp-json\/wp\/v2\/comments?post=3009"}],"version-history":[{"count":16,"href":"https:\/\/boucles-drome-ardeche.fr\/index.php\/wp-json\/wp\/v2\/posts\/3009\/revisions"}],"predecessor-version":[{"id":3911,"href":"https:\/\/boucles-drome-ardeche.fr\/index.php\/wp-json\/wp\/v2\/posts\/3009\/revisions\/3911"}],"wp:featuredmedia":[{"embeddable":true,"href":"https:\/\/boucles-drome-ardeche.fr\/index.php\/wp-json\/wp\/v2\/media\/3885"}],"wp:attachment":[{"href":"https:\/\/boucles-drome-ardeche.fr\/index.php\/wp-json\/wp\/v2\/media?parent=3009"}],"wp:term":[{"taxonomy":"category","embeddable":true,"href":"https:\/\/boucles-drome-ardeche.fr\/index.php\/wp-json\/wp\/v2\/categories?post=3009"},{"taxonomy":"post_tag","embeddable":true,"href":"https:\/\/boucles-drome-ardeche.fr\/index.php\/wp-json\/wp\/v2\/tags?post=3009"}],"curies":[{"name":"wp","href":"https:\/\/api.w.org\/{rel}","templated":true}]}}