{"id":3427,"date":"2022-03-01T09:58:01","date_gmt":"2022-03-01T08:58:01","guid":{"rendered":"http:\/\/boucles-drome-ardeche.fr\/?p=3427"},"modified":"2024-02-19T18:54:36","modified_gmt":"2024-02-19T17:54:36","slug":"forte-dun-plateau-exceptionnel-ledition-2022-des-boucles-drome-ardeche-aura-tenu-toutes-ses-promesses","status":"publish","type":"post","link":"https:\/\/boucles-drome-ardeche.fr\/index.php\/2022\/03\/01\/forte-dun-plateau-exceptionnel-ledition-2022-des-boucles-drome-ardeche-aura-tenu-toutes-ses-promesses\/","title":{"rendered":"Forte d\u2019un plateau exceptionnel, l\u2019\u00e9dition 2022 des Boucles Dr\u00f4me Ard\u00e8che aura tenu toutes ses promesses"},"content":{"rendered":"\n<p>Au terme de deux courses extr\u00eamement disput\u00e9es et anim\u00e9es par les meilleurs coureurs mondiaux, la <strong>Faun Ard\u00e8che Classic<\/strong> et la <strong>Faun<\/strong> <strong>Dr\u00f4me Classic<\/strong> ont, cette ann\u00e9e encore, livr\u00e9 un spectacle fabuleux pour tous les amoureux de cyclisme et des paysages dr\u00f4mois et ard\u00e9chois.&nbsp;&nbsp;<\/p>\n\n\n\n<p>Samedi, la premi\u00e8re \u00ab\u202fmanche\u202f\u00bb des Boucles, sur le territoire ard\u00e9chois de la communaut\u00e9 de communes de Rh\u00f4ne-Crussol, a d\u2019abord vu Brandon McNulty (<em>UAE Team Emirates<\/em>) r\u00e9aliser un num\u00e9ro \u00e9poustouflant. Apr\u00e8s s\u2019\u00eatre envol\u00e9 dans l\u2019ascension de Saint-Romain-de-Lerps, le jeune coureur am\u00e9ricain n\u2019a pas fl\u00e9chi jusqu\u2019\u00e0 l\u2019arriv\u00e9e, malgr\u00e9 les efforts de ses poursuivants, Mauri Vansevenant (<em>Quick-Step Alphavinyl<\/em>) et Sepp Kuss (<em>Jumbo Visma<\/em>), respectivement deuxi\u00e8me et troisi\u00e8me. Avec cette belle victoire en solitaire, le coureur d\u2019<em>UAE Team Emirates <\/em>est devenu le premier Am\u00e9ricain \u00e0 remporter la Faun Ard\u00e8che Classic.&nbsp;&nbsp;<\/p>\n\n\n\n<p>Les routes escarp\u00e9es et ensoleill\u00e9es de Valence Romans Agglo et du Val de Dr\u00f4me en Biovall\u00e9e ont r\u00e9serv\u00e9, dimanche, un autre sc\u00e9nario aux coureurs. Lanc\u00e9e de loin par l\u2019attaque du local de l\u2019\u00e9tape, Pierre Latour (<em>Total Energies<\/em>), la Faun Dr\u00f4me Classic a \u00e9t\u00e9 le th\u00e9\u00e2tre d\u2019une course d\u00e9brid\u00e9e et d\u2019un affrontement \u00e0 distance entre&nbsp;Jonas Vingegaard (<em>Jumbo Visma<\/em>) accompagn\u00e9 par Juan Ayuso (<em>UAE Team Emirates<\/em>) et un groupe de contre-attaquants 100% tricolore emmen\u00e9 par le double champion du monde Julian Alaphilippe (<em>Quick-Step Alphavinyl<\/em>), Guillaume Martin (<em>Cofidis<\/em>) et Beno\u00eet Cosnefroy (<em>AG2R Citro\u00ebn Team<\/em>). A l\u2019issue d\u2019un final haletant, les trois Fran\u00e7ais ne sont pas parvenus \u00e0 revenir sur le vainqueur danois, Jonas Vingegaard. Guillaume Martin a finalement pris la seconde place et Beno\u00eet Cosnefroy la troisi\u00e8me, \u00e9chouant \u00e0 seulement trois secondes du laur\u00e9at au sommet de la nouvelle difficult\u00e9 du parcours, la c\u00f4te Chaude \u00e0 Etoile-sur-Rh\u00f4ne.&nbsp;&nbsp;<\/p>\n\n\n\n<p>Tout au long du week-end, le public \u2013 de retour en nombre au bord des routes apr\u00e8s une \u00e9dition 2021 \u00e0 huis clos \u2013 comme les coureurs ont fait part de leur satisfaction. Les Boucles Dr\u00f4me-Ard\u00e8che confirment leur statut de rendez-vous incontournable du d\u00e9but de saison, avec des parcours exigeants qui ont convaincu pas moins de 11 <em>World Teams<\/em>. Un sentiment bien r\u00e9sum\u00e9 par Sepp Kuss, membre de l\u2019armada <em>Jumbo Visma<\/em>, qui n\u2019a pas tari d\u2019\u00e9loges pour sa premi\u00e8re participation \u00e0 la course\u202f: \u00ab\u202f<em>C\u2019\u00e9tait vraiment dur et plaisant, jamais ennuyeux. C\u2019est une belle course, difficile, o\u00f9 tout peut se passer\u202f<\/em>\u00bb.&nbsp;<\/p>\n\n\n\n<p>La 22\u00e8me \u00e9dition des Boucles Dr\u00f4me Ard\u00e8che s\u2019est ainsi achev\u00e9e sur un bilan tr\u00e8s positif\u202fpour Guillaume Delpech, Pr\u00e9sident du Comit\u00e9 d\u2019organisation : \u00ab <em>Quel plaisir de voir \u00e0 nouveau tous ces sourires, ces milliers de personnes avec les yeux qui brillent sur le bord des routes de l\u2019Ard\u00e8che et de la Dr\u00f4me. Sportivement, les plus grandes \u00e9quipes et quelques-uns des meilleurs coureurs du monde nous ont fait confiance. Le comit\u00e9 d\u2019organisation est tr\u00e8s fier de cela, de notre mont\u00e9e en puissance au fil des ans. Les partenaires, \u00e9lus et b\u00e9n\u00e9voles sont aussi pour beaucoup dans cette r\u00e9ussite. Je les en remercie, une fois encore. Plus que l\u2019arriv\u00e9e, je retiens le chemin parcouru depuis nos d\u00e9buts, ensemble.<\/em> \u00bb&nbsp;<\/p>\n\n\n\n<p>Le rendez-vous est pris pour l\u2019ann\u00e9e prochaine\u202f!&nbsp;<\/p>\n","protected":false},"excerpt":{"rendered":"<p>Au terme de deux courses extr\u00eamement disput\u00e9es et anim\u00e9es par les meilleurs coureurs mondiaux, la Faun Ard\u00e8che Classic et &#8230;.<\/p>\n","protected":false},"author":1,"featured_media":3872,"comment_status":"open","ping_status":"open","sticky":false,"template":"","format":"standard","meta":{"footnotes":""},"categories":[1],"tags":[],"class_list":["post-3427","post","type-post","status-publish","format-standard","has-post-thumbnail","hentry","category-uncategorized"],"_links":{"self":[{"href":"https:\/\/boucles-drome-ardeche.fr\/index.php\/wp-json\/wp\/v2\/posts\/3427","targetHints":{"allow":["GET"]}}],"collection":[{"href":"https:\/\/boucles-drome-ardeche.fr\/index.php\/wp-json\/wp\/v2\/posts"}],"about":[{"href":"https:\/\/boucles-drome-ardeche.fr\/index.php\/wp-json\/wp\/v2\/types\/post"}],"author":[{"embeddable":true,"href":"https:\/\/boucles-drome-ardeche.fr\/index.php\/wp-json\/wp\/v2\/users\/1"}],"replies":[{"embeddable":true,"href":"https:\/\/boucles-drome-ardeche.fr\/index.php\/wp-json\/wp\/v2\/comments?post=3427"}],"version-history":[{"count":1,"href":"https:\/\/boucles-drome-ardeche.fr\/index.php\/wp-json\/wp\/v2\/posts\/3427\/revisions"}],"predecessor-version":[{"id":3429,"href":"https:\/\/boucles-drome-ardeche.fr\/index.php\/wp-json\/wp\/v2\/posts\/3427\/revisions\/3429"}],"wp:featuredmedia":[{"embeddable":true,"href":"https:\/\/boucles-drome-ardeche.fr\/index.php\/wp-json\/wp\/v2\/media\/3872"}],"wp:attachment":[{"href":"https:\/\/boucles-drome-ardeche.fr\/index.php\/wp-json\/wp\/v2\/media?parent=3427"}],"wp:term":[{"taxonomy":"category","embeddable":true,"href":"https:\/\/boucles-drome-ardeche.fr\/index.php\/wp-json\/wp\/v2\/categories?post=3427"},{"taxonomy":"post_tag","embeddable":true,"href":"https:\/\/boucles-drome-ardeche.fr\/index.php\/wp-json\/wp\/v2\/tags?post=3427"}],"curies":[{"name":"wp","href":"https:\/\/api.w.org\/{rel}","templated":true}]}}