{"id":4556,"date":"2026-02-03T16:11:41","date_gmt":"2026-02-03T15:11:41","guid":{"rendered":"https:\/\/boucles-drome-ardeche.fr\/?p=4556"},"modified":"2026-02-03T16:11:43","modified_gmt":"2026-02-03T15:11:43","slug":"mini-boucles-drome-ardeche","status":"publish","type":"post","link":"https:\/\/boucles-drome-ardeche.fr\/index.php\/2026\/02\/03\/mini-boucles-drome-ardeche\/","title":{"rendered":"MINI-BOUCLES Dr\u00f4me Ard\u00e8che"},"content":{"rendered":"\n<h2 class=\"wp-block-heading\"><\/h2>\n\n\n\n<p>Apr\u00e8s les professionnels, place aux graines de champions !<\/p>\n\n\n\n<p>\u00c0 Guilherand-Granges comme \u00e0 \u00c9toile-sur-Rh\u00f4ne, les enfants aussi ont droit \u00e0 leur course.<\/p>\n\n\n\n<p>En marge de la Faun Ard\u00e8che Classic et de la Faun Dr\u00f4me Classic, les communes proposent aux plus jeunes de participer \u00e0 un challenge de draisiennes et de v\u00e9los, avec ou sans stabilisateurs.<\/p>\n\n\n\n<p>Les enfants s\u2019\u00e9lanceront en autonomie sur plusieurs parcours, encadr\u00e9s par des b\u00e9n\u00e9voles. Les parents pourront les suivre et les encourager tout au long de l\u2019\u00e9preuve. Une petite r\u00e9compense sera remise \u00e0 chaque participant.<\/p>\n\n\n\n<p>Les enfants devront venir avec leur propre mat\u00e9riel. Le port du casque est obligatoire.<\/p>\n\n\n\n<p>Animations annul\u00e9es en cas de mauvaises conditions m\u00e9t\u00e9orologiques.<\/p>\n\n\n\n<p><strong>Guilherand-Granges&nbsp;: Samedi 28 f\u00e9vrier<\/strong><\/p>\n\n\n\n<p>Enfants scolaris\u00e9s de la petite section de maternelle au CM2<\/p>\n\n\n\n<p>D\u00e9part des mini-boucles \u00e0 11h45<\/p>\n\n\n\n<p>Avenue Clemenceau (devant la Beaulieu)<\/p>\n\n\n\n<p>Inscription gratuite \u00e0 partir de 11h au parc Ren\u00e9e-Antoine (square devant le coll\u00e8ge)<\/p>\n\n\n\n<p>Plus d\u2019informations&nbsp;: <a href=\"https:\/\/www.guilherand-granges.fr\/agenda\/prochains\/2\">https:\/\/www.guilherand-granges.fr\/agenda\/prochains\/2<\/a><\/p>\n\n\n\n<p><strong>\u00c9toile-sur-Rh\u00f4ne&nbsp;: Dimanche 1er mars<\/strong><\/p>\n\n\n\n<p>Enfants de 3 \u00e0 6 ans<\/p>\n\n\n\n<p>D\u00e9part de la course \u00e0 14h30<\/p>\n\n\n\n<p>Sommet de C\u00f4te Chaude<\/p>\n\n\n\n<p>Inscription gratuite \u00e0 partir de 14h, \u00e0 proximit\u00e9 de la ligne d\u2019arriv\u00e9e<\/p>\n\n\n\n<p>Plus d\u2019informations&nbsp;: <a href=\"https:\/\/www.etoilesurrhone.fr\/agenda\/?fbclid=IwZXh0bgNhZW0CMTAAYnJpZBEwZjBmMXNqUUFBSlIya01CY3NydGMGYXBwX2lkEDIyMjAzOTE3ODgyMDA4OTIAAR453DUOEIT0QqJe6lJ3DgtZcHfpPDyt5y_UDXe9X4D5YJCT5CEGmkNZ4Rkw_Q_aem_Q1jPbxb4lh_Qxs3H4N7oqg\" target=\"_blank\" rel=\"noreferrer noopener\">https:\/\/www.etoilesurrhone.fr\/agenda\/<\/a><\/p>\n\n\n\n<p class=\"has-text-align-center\"><\/p>\n\n\n\n<p><\/p>\n\n\n\n<p><\/p>\n","protected":false},"excerpt":{"rendered":"<p>Apr\u00e8s les professionnels, place aux graines de champions !<br \/>\n\u00c0 Guilherand-Granges comme \u00e0 \u00c9toile-sur-Rh\u00f4ne, les enfants aussi ont droit \u00e0 leur course&#8230;<\/p>\n","protected":false},"author":1,"featured_media":4552,"comment_status":"closed","ping_status":"open","sticky":false,"template":"","format":"standard","meta":{"footnotes":""},"categories":[1],"tags":[],"class_list":["post-4556","post","type-post","status-publish","format-standard","has-post-thumbnail","hentry","category-uncategorized"],"_links":{"self":[{"href":"https:\/\/boucles-drome-ardeche.fr\/index.php\/wp-json\/wp\/v2\/posts\/4556","targetHints":{"allow":["GET"]}}],"collection":[{"href":"https:\/\/boucles-drome-ardeche.fr\/index.php\/wp-json\/wp\/v2\/posts"}],"about":[{"href":"https:\/\/boucles-drome-ardeche.fr\/index.php\/wp-json\/wp\/v2\/types\/post"}],"author":[{"embeddable":true,"href":"https:\/\/boucles-drome-ardeche.fr\/index.php\/wp-json\/wp\/v2\/users\/1"}],"replies":[{"embeddable":true,"href":"https:\/\/boucles-drome-ardeche.fr\/index.php\/wp-json\/wp\/v2\/comments?post=4556"}],"version-history":[{"count":1,"href":"https:\/\/boucles-drome-ardeche.fr\/index.php\/wp-json\/wp\/v2\/posts\/4556\/revisions"}],"predecessor-version":[{"id":4557,"href":"https:\/\/boucles-drome-ardeche.fr\/index.php\/wp-json\/wp\/v2\/posts\/4556\/revisions\/4557"}],"wp:featuredmedia":[{"embeddable":true,"href":"https:\/\/boucles-drome-ardeche.fr\/index.php\/wp-json\/wp\/v2\/media\/4552"}],"wp:attachment":[{"href":"https:\/\/boucles-drome-ardeche.fr\/index.php\/wp-json\/wp\/v2\/media?parent=4556"}],"wp:term":[{"taxonomy":"category","embeddable":true,"href":"https:\/\/boucles-drome-ardeche.fr\/index.php\/wp-json\/wp\/v2\/categories?post=4556"},{"taxonomy":"post_tag","embeddable":true,"href":"https:\/\/boucles-drome-ardeche.fr\/index.php\/wp-json\/wp\/v2\/tags?post=4556"}],"curies":[{"name":"wp","href":"https:\/\/api.w.org\/{rel}","templated":true}]}}