{"id":4559,"date":"2026-02-06T18:42:50","date_gmt":"2026-02-06T17:42:50","guid":{"rendered":"https:\/\/boucles-drome-ardeche.fr\/?p=4559"},"modified":"2026-02-06T18:42:52","modified_gmt":"2026-02-06T17:42:52","slug":"un-week-end-de-cyclisme-dexception-venez-encourager-vos-champions","status":"publish","type":"post","link":"https:\/\/boucles-drome-ardeche.fr\/index.php\/2026\/02\/06\/un-week-end-de-cyclisme-dexception-venez-encourager-vos-champions\/","title":{"rendered":"Un week-end de cyclisme d\u2019exception\u00a0: venez encourager vos champions\u00a0!"},"content":{"rendered":"\n<h2 class=\"wp-block-heading\"><\/h2>\n\n\n\n<p>Les routes de l\u2019Ard\u00e8che et de la Dr\u00f4me accueilleront une nouvelle fois l\u2019\u00e9lite du cyclisme international \u00e0 l\u2019occasion de la 26\u1d49 \u00e9dition de la Faun Ard\u00e8che Classic et de la 14\u1d49 \u00e9dition de la Faun Dr\u00f4me Classic. Deux \u00e9preuves spectaculaires qui promettent un grand week-end de sport et d\u2019\u00e9motions pour les passionn\u00e9s comme pour le grand public.<\/p>\n\n\n\n<p><strong>SAMEDI 28 FEVRIER&nbsp;: Faun Ard\u00e8che Classic&nbsp;: Un parcours exigeant et spectaculaire<\/strong><\/p>\n\n\n\n<p>La Faun Ard\u00e8che Classic empruntera les deux mont\u00e9es embl\u00e9matiques de la Communaut\u00e9 de communes Rh\u00f4ne-Crussol : le redoutable Val d\u2019Enfer et le spectaculaire Mur des Royes (Mur de Cornas). Nouveaut\u00e9 cette ann\u00e9e : le Mur de Costebelle \u00e0 Saint-P\u00e9ray int\u00e8gre pour la premi\u00e8re fois le parcours. Les coureurs devront l\u2019affronter \u00e0 deux reprises, promettant un spectacle intense pour le public.<\/p>\n\n\n\n<p><strong>D\u00e9part<\/strong> : avenue Georges Clemenceau \u00e0 Guilherand-Granges \u2013 11h30<\/p>\n\n\n\n<p><strong>Arriv\u00e9e<\/strong> : aux alentours de 16h30<\/p>\n\n\n\n<p><strong>Distance<\/strong> : 188 km<\/p>\n\n\n\n<p><strong>D\u00e9nivel\u00e9<\/strong> <strong>positif<\/strong> : 3 347 m<\/p>\n\n\n\n<p><strong>O\u00f9 encourager les coureurs ?<\/strong><\/p>\n\n\n\n<p>Horaires approximatifs de passage aux points strat\u00e9giques :<\/p>\n\n\n\n<p>Ligne d\u2019arriv\u00e9e boulevard Clemenceau&nbsp;:<\/p>\n\n\n\n<ul class=\"wp-block-list\">\n<li>11h30<\/li>\n\n\n\n<li>13h21<\/li>\n\n\n\n<li>15h12<\/li>\n\n\n\n<li>16h06<\/li>\n\n\n\n<li>16h37<\/li>\n<\/ul>\n\n\n\n<p>Mur de Costebelle&nbsp;:<\/p>\n\n\n\n<ul class=\"wp-block-list\">\n<li>11h41<\/li>\n\n\n\n<li>13h31<\/li>\n\n\n\n<li>16h17<\/li>\n<\/ul>\n\n\n\n<p>Sommet de la C\u00f4te du Pin&nbsp;:<\/p>\n\n\n\n<ul class=\"wp-block-list\">\n<li>11h58<\/li>\n\n\n\n<li>13h48<\/li>\n<\/ul>\n\n\n\n<p>Col de la Justice&nbsp;:<\/p>\n\n\n\n<ul class=\"wp-block-list\">\n<li>12h13<\/li>\n\n\n\n<li>14h04<\/li>\n<\/ul>\n\n\n\n<p>Val d\u2019enfer&nbsp;:<\/p>\n\n\n\n<ul class=\"wp-block-list\">\n<li>13h12<\/li>\n\n\n\n<li>15h02<\/li>\n\n\n\n<li>15h58<\/li>\n\n\n\n<li>16h28<\/li>\n<\/ul>\n\n\n\n<p>Mur des Royes&nbsp;:<\/p>\n\n\n\n<ul class=\"wp-block-list\">\n<li>15h35<\/li>\n<\/ul>\n\n\n\n<p><strong>DIMANCHE 1ER MARS&nbsp;: Faun Dr\u00f4me Classic&nbsp;: Une course ouverte et rythm\u00e9e<\/strong><\/p>\n\n\n\n<p>Le spectacle se poursuivra dimanche avec la Faun Dr\u00f4me Classic. Fid\u00e8le \u00e0 sa r\u00e9putation, son parcours dynamique promet une course anim\u00e9e et riche en rebondissements jusqu\u2019\u00e0 l\u2019arriv\u00e9e.<\/p>\n\n\n\n<p><strong>D\u00e9part<\/strong> : boulevard de la Puya \u2013 11h45<\/p>\n\n\n\n<p><strong>Arriv\u00e9e<\/strong> : aux alentours de 16h30<\/p>\n\n\n\n<p><strong>Distance<\/strong> : 185 km<\/p>\n\n\n\n<p><strong>D\u00e9nivel\u00e9<\/strong> <strong>positif<\/strong> : 2 400 m<\/p>\n\n\n\n<p><strong>O\u00f9 encourager les coureurs ?<\/strong><\/p>\n\n\n\n<p>Horaires approximatifs de passage aux points strat\u00e9giques :<\/p>\n\n\n\n<p>Ligne d\u2019arriv\u00e9e C\u00f4te Chaude&nbsp;:<\/p>\n\n\n\n<ul class=\"wp-block-list\">\n<li>11h45<\/li>\n\n\n\n<li>12h53<\/li>\n\n\n\n<li>14h03<\/li>\n\n\n\n<li>16h25<\/li>\n<\/ul>\n\n\n\n<p>Mur d\u2019Eurre&nbsp;:<\/p>\n\n\n\n<ul class=\"wp-block-list\">\n<li>12h19<\/li>\n\n\n\n<li>13h29<\/li>\n\n\n\n<li>14h39<\/li>\n<\/ul>\n\n\n\n<p>Mur d\u2019Allex&nbsp;:<\/p>\n\n\n\n<ul class=\"wp-block-list\">\n<li>12h33<\/li>\n\n\n\n<li>13h43<\/li>\n\n\n\n<li>14h52<\/li>\n\n\n\n<li>15h05<\/li>\n<\/ul>\n\n\n\n<p>Plateau de Soulier&nbsp;:<\/p>\n\n\n\n<ul class=\"wp-block-list\">\n<li>12h39<\/li>\n\n\n\n<li>13h48<\/li>\n\n\n\n<li>15h10<\/li>\n<\/ul>\n\n\n\n<p>Col de Tartaiguille&nbsp;:<\/p>\n\n\n\n<ul class=\"wp-block-list\">\n<li>15h15<\/li>\n<\/ul>\n\n\n\n<p>Col de la Grande Limite&nbsp;:<\/p>\n\n\n\n<ul class=\"wp-block-list\">\n<li>15h30<\/li>\n<\/ul>\n\n\n\n<p>C\u00f4te des Roberts&nbsp;:<\/p>\n\n\n\n<ul class=\"wp-block-list\">\n<li>15h46<\/li>\n<\/ul>\n\n\n\n<p>C\u00f4te de Grane&nbsp;:<\/p>\n\n\n\n<ul class=\"wp-block-list\">\n<li>15h56<\/li>\n<\/ul>\n\n\n\n<p>Habitants, amateurs de cyclisme ou simples curieux, venez vibrer au bord des routes et soutenir les champions lors de ce grand rendez-vous sportif au c\u0153ur de l\u2019Ard\u00e8che et de la Dr\u00f4me.<\/p>\n\n\n\n<p class=\"has-text-align-center\"><\/p>\n\n\n\n<p><\/p>\n\n\n\n<p><\/p>\n","protected":false},"excerpt":{"rendered":"<p>Les routes de l\u2019Ard\u00e8che et de la Dr\u00f4me accueilleront une nouvelle fois l\u2019\u00e9lite du cyclisme international \u00e0 l\u2019occasion de la 26\u1d49 \u00e9dition de la Faun Ard\u00e8che Classic et de la 14\u1d49 \u00e9dition de la Faun Dr\u00f4me Classic&#8230;.<\/p>\n","protected":false},"author":1,"featured_media":4558,"comment_status":"closed","ping_status":"open","sticky":false,"template":"","format":"standard","meta":{"footnotes":""},"categories":[1],"tags":[],"class_list":["post-4559","post","type-post","status-publish","format-standard","has-post-thumbnail","hentry","category-uncategorized"],"_links":{"self":[{"href":"https:\/\/boucles-drome-ardeche.fr\/index.php\/wp-json\/wp\/v2\/posts\/4559","targetHints":{"allow":["GET"]}}],"collection":[{"href":"https:\/\/boucles-drome-ardeche.fr\/index.php\/wp-json\/wp\/v2\/posts"}],"about":[{"href":"https:\/\/boucles-drome-ardeche.fr\/index.php\/wp-json\/wp\/v2\/types\/post"}],"author":[{"embeddable":true,"href":"https:\/\/boucles-drome-ardeche.fr\/index.php\/wp-json\/wp\/v2\/users\/1"}],"replies":[{"embeddable":true,"href":"https:\/\/boucles-drome-ardeche.fr\/index.php\/wp-json\/wp\/v2\/comments?post=4559"}],"version-history":[{"count":1,"href":"https:\/\/boucles-drome-ardeche.fr\/index.php\/wp-json\/wp\/v2\/posts\/4559\/revisions"}],"predecessor-version":[{"id":4560,"href":"https:\/\/boucles-drome-ardeche.fr\/index.php\/wp-json\/wp\/v2\/posts\/4559\/revisions\/4560"}],"wp:featuredmedia":[{"embeddable":true,"href":"https:\/\/boucles-drome-ardeche.fr\/index.php\/wp-json\/wp\/v2\/media\/4558"}],"wp:attachment":[{"href":"https:\/\/boucles-drome-ardeche.fr\/index.php\/wp-json\/wp\/v2\/media?parent=4559"}],"wp:term":[{"taxonomy":"category","embeddable":true,"href":"https:\/\/boucles-drome-ardeche.fr\/index.php\/wp-json\/wp\/v2\/categories?post=4559"},{"taxonomy":"post_tag","embeddable":true,"href":"https:\/\/boucles-drome-ardeche.fr\/index.php\/wp-json\/wp\/v2\/tags?post=4559"}],"curies":[{"name":"wp","href":"https:\/\/api.w.org\/{rel}","templated":true}]}}