{"id":4563,"date":"2026-02-10T09:03:17","date_gmt":"2026-02-10T08:03:17","guid":{"rendered":"https:\/\/boucles-drome-ardeche.fr\/?p=4563"},"modified":"2026-02-10T09:03:19","modified_gmt":"2026-02-10T08:03:19","slug":"la-caravane-publicitaire-un-moment-festif-a-ne-pas-manquer-sur-la-faun-ardeche-classic-et-la-faun-drome-classic","status":"publish","type":"post","link":"https:\/\/boucles-drome-ardeche.fr\/index.php\/2026\/02\/10\/la-caravane-publicitaire-un-moment-festif-a-ne-pas-manquer-sur-la-faun-ardeche-classic-et-la-faun-drome-classic\/","title":{"rendered":"La caravane publicitaire : un moment festif \u00e0 ne pas manquer sur la FAUN ARDECHE CLASSIC et la FAUN DROME CLASSIC !"},"content":{"rendered":"\n<h2 class=\"wp-block-heading\"><\/h2>\n\n\n\n<p>Juste apr\u00e8s le d\u00e9part des coureurs, laissez-vous porter par l\u2019ambiance festive de la caravane publicitaire ! Animations et bonne humeur seront au rendez-vous, avec de nombreux cadeaux et goodies \u00e0 remporter gr\u00e2ce \u00e0 nos partenaires.<\/p>\n\n\n\n<p>Rendez-vous sur les zones de d\u00e9part et d\u2019arriv\u00e9e pour profiter pleinement des surprises propos\u00e9es par : Ici Dr\u00f4me-Ard\u00e8che, \u0160koda, Haribo, L\u2019Ard\u00e9choise, Cr\u00e9dit Mutuel, le Centre de Formation des Apprentis de l\u2019Industrie, VIGNAL \u00c9nergies\u2026 et bien d\u2019autres encore.<\/p>\n\n\n\n<p>Samedi 28 f\u00e9vrier \u2013 FAUN ARDECHE CLASSIC<\/p>\n\n\n\n<p>Guilherand-Granges<\/p>\n\n\n\n<p>Caravane \u00e0 partir de 11h30<\/p>\n\n\n\n<p>Dimanche 1<sup>er<\/sup> mars \u2013 FAUN DROME CLASSIC<\/p>\n\n\n\n<p>\u00c9toile-sur-Rh\u00f4ne<\/p>\n\n\n\n<p>Caravane \u00e0 partir de 11h45<\/p>\n\n\n\n<p><strong>Retrouvez la caravane tout au long du parcours<\/strong><\/p>\n\n\n\n<p>Apr\u00e8s le d\u00e9part, la caravane animera \u00e9galement plusieurs points cl\u00e9s du parcours, pour prolonger la f\u00eate et multiplier les occasions de repartir avec des souvenirs.<\/p>\n\n\n\n<p>Samedi 28 f\u00e9vrier \u2013 FAUN ARDECHE CLASSIC<\/p>\n\n\n\n<p>Guilherand-Granges, mont\u00e9e de Costebelle \u00e0 Saint-P\u00e9ray, col de la Justice, Boffres, Saint Romain de Lerps, mur des Royes\u2026<\/p>\n\n\n\n<p><em>Pas de distribution dans le Val d\u2019Enfer.<\/em><\/p>\n\n\n\n<p>Dimanche 1<sup>er<\/sup> mars \u2013 FAUN DROME CLASSIC<\/p>\n\n\n\n<p>\u00c9toile-sur-Rh\u00f4ne, Mont\u00e9l\u00e9ger, Montmeyran, Upie, dans le mur d\u2019Allex (distribution \u00e0 pied), puis passage dans la boucle sud&#8230;<\/p>\n\n\n\n<p>Arriv\u00e9e de la caravane environ 40 minutes avant la fin des courses, soit autour de 15h50, \u00e0 Guilherand-Granges comme \u00e0 \u00c9toile-sur-Rh\u00f4ne.<\/p>\n\n\n\n<p><strong>SECURITE : les bons r\u00e9flexes \u00e0 adopter<\/strong><\/p>\n\n\n\n<p>Pour que la f\u00eate reste un plaisir pour tous, merci de respecter scrupuleusement les consignes de s\u00e9curit\u00e9 :<\/p>\n\n\n\n<ul class=\"wp-block-list\">\n<li>Restez sur les bas-c\u00f4t\u00e9s de la route<\/li>\n\n\n\n<li>Ne traversez jamais la chauss\u00e9e et surveillez attentivement les enfants<\/li>\n\n\n\n<li>Les cadeaux sont distribu\u00e9s de la main \u00e0 la main, sur le c\u00f4t\u00e9 droit de la route<\/li>\n\n\n\n<li>Aucune distribution dans les descentes<\/li>\n\n\n\n<li>Restez vigilants apr\u00e8s le passage de la caravane : d\u2019autres v\u00e9hicules circulent sur le parcours<\/li>\n\n\n\n<li>Ne jetez pas vos d\u00e9chets sur la voie publique<\/li>\n\n\n\n<li>Ne courez pas \u00e0 c\u00f4t\u00e9 des coureurs et ne les touchez pas<\/li>\n\n\n\n<li>Les selfies et autographes ne sont pas autoris\u00e9s<\/li>\n<\/ul>\n\n\n\n<p><strong>Venez nombreux profiter de la caravane, encourager les coureurs et vivre pleinement l\u2019ambiance des deux classiques, dans le respect de tous et en toute s\u00e9curit\u00e9.<\/strong><\/p>\n\n\n\n<p class=\"has-text-align-center\"><\/p>\n\n\n\n<p><\/p>\n\n\n\n<p><\/p>\n","protected":false},"excerpt":{"rendered":"<p>Juste apr\u00e8s le d\u00e9part des coureurs, laissez-vous porter par l\u2019ambiance festive de la caravane publicitaire ! &#8230;.<\/p>\n","protected":false},"author":1,"featured_media":4562,"comment_status":"closed","ping_status":"open","sticky":false,"template":"","format":"standard","meta":{"footnotes":""},"categories":[1],"tags":[],"class_list":["post-4563","post","type-post","status-publish","format-standard","has-post-thumbnail","hentry","category-uncategorized"],"_links":{"self":[{"href":"https:\/\/boucles-drome-ardeche.fr\/index.php\/wp-json\/wp\/v2\/posts\/4563","targetHints":{"allow":["GET"]}}],"collection":[{"href":"https:\/\/boucles-drome-ardeche.fr\/index.php\/wp-json\/wp\/v2\/posts"}],"about":[{"href":"https:\/\/boucles-drome-ardeche.fr\/index.php\/wp-json\/wp\/v2\/types\/post"}],"author":[{"embeddable":true,"href":"https:\/\/boucles-drome-ardeche.fr\/index.php\/wp-json\/wp\/v2\/users\/1"}],"replies":[{"embeddable":true,"href":"https:\/\/boucles-drome-ardeche.fr\/index.php\/wp-json\/wp\/v2\/comments?post=4563"}],"version-history":[{"count":1,"href":"https:\/\/boucles-drome-ardeche.fr\/index.php\/wp-json\/wp\/v2\/posts\/4563\/revisions"}],"predecessor-version":[{"id":4564,"href":"https:\/\/boucles-drome-ardeche.fr\/index.php\/wp-json\/wp\/v2\/posts\/4563\/revisions\/4564"}],"wp:featuredmedia":[{"embeddable":true,"href":"https:\/\/boucles-drome-ardeche.fr\/index.php\/wp-json\/wp\/v2\/media\/4562"}],"wp:attachment":[{"href":"https:\/\/boucles-drome-ardeche.fr\/index.php\/wp-json\/wp\/v2\/media?parent=4563"}],"wp:term":[{"taxonomy":"category","embeddable":true,"href":"https:\/\/boucles-drome-ardeche.fr\/index.php\/wp-json\/wp\/v2\/categories?post=4563"},{"taxonomy":"post_tag","embeddable":true,"href":"https:\/\/boucles-drome-ardeche.fr\/index.php\/wp-json\/wp\/v2\/tags?post=4563"}],"curies":[{"name":"wp","href":"https:\/\/api.w.org\/{rel}","templated":true}]}}