{"id":4610,"date":"2026-02-19T08:33:15","date_gmt":"2026-02-19T07:33:15","guid":{"rendered":"https:\/\/boucles-drome-ardeche.fr\/?p=4610"},"modified":"2026-02-19T08:33:17","modified_gmt":"2026-02-19T07:33:17","slug":"les-boucles-drome-ardeche-organisation-arrivent-sur-linkedin","status":"publish","type":"post","link":"https:\/\/boucles-drome-ardeche.fr\/index.php\/2026\/02\/19\/les-boucles-drome-ardeche-organisation-arrivent-sur-linkedin\/","title":{"rendered":"Les Boucles Dr\u00f4me Ard\u00e8che Organisation arrivent sur LinkedIn"},"content":{"rendered":"\n<h2 class=\"wp-block-heading\"><\/h2>\n\n\n\n<p>Les Boucles Dr\u00f4me Ard\u00e8che Organisation poursuivent le d\u00e9veloppement de leur pr\u00e9sence num\u00e9rique avec la cr\u00e9ation officielle de leur page sur le r\u00e9seau professionnel LinkedIn.<\/p>\n\n\n\n<p>Cette nouvelle vitrine a pour objectif de mieux valoriser l\u2019\u00e9v\u00e9nement et son \u00e9cosyst\u00e8me aupr\u00e8s des partenaires, des acteurs \u00e9conomiques, des collectivit\u00e9s et de l\u2019ensemble des professionnels int\u00e9ress\u00e9s par la dynamique des Boucles Dr\u00f4me Ard\u00e8che.<\/p>\n\n\n\n<p>Au fil des publications, les abonn\u00e9s pourront d\u00e9couvrir :<\/p>\n\n\n\n<ul class=\"wp-block-list\">\n<li>Des contenus d\u00e9di\u00e9s au territoire et \u00e0 ses atouts,<\/li>\n\n\n\n<li>La mise en lumi\u00e8re des partenaires engag\u00e9s aux c\u00f4t\u00e9s de l\u2019\u00e9v\u00e9nement,<\/li>\n\n\n\n<li>Les offres d\u2019hospitalit\u00e9s et de visibilit\u00e9,<\/li>\n\n\n\n<li>Les coulisses de l\u2019organisation,<\/li>\n\n\n\n<li>Les derni\u00e8res actualit\u00e9s des courses.<\/li>\n<\/ul>\n\n\n\n<p>Cette page constitue un nouvel espace d\u2019\u00e9changes et d\u2019information pour suivre l\u2019\u00e9volution des projets et renforcer les liens avec l\u2019ensemble des parties prenantes.<\/p>\n\n\n\n<p>Nous vous invitons d\u00e8s \u00e0 pr\u00e9sent \u00e0 suivre la page pour ne rien manquer des prochaines actualit\u00e9s : <a href=\"https:\/\/www.linkedin.com\/company\/boucles-drome-ardeche-organisation\/\">https:\/\/www.linkedin.com\/company\/boucles-drome-ardeche-organisation\/<\/a><\/p>\n\n\n\n<p>En rejoignant cette communaut\u00e9, vous contribuez \u00e0 faire rayonner un \u00e9v\u00e9nement sportif majeur et son territoire.<\/p>\n","protected":false},"excerpt":{"rendered":"<p>Les Boucles Dr\u00f4me Ard\u00e8che Organisation poursuivent le d\u00e9veloppement de leur pr\u00e9sence num\u00e9rique avec la cr\u00e9ation officielle de leur page sur le r\u00e9seau professionnel LinkedIn. &#8230;.<\/p>\n","protected":false},"author":1,"featured_media":4609,"comment_status":"closed","ping_status":"open","sticky":false,"template":"","format":"standard","meta":{"footnotes":""},"categories":[1],"tags":[],"class_list":["post-4610","post","type-post","status-publish","format-standard","has-post-thumbnail","hentry","category-uncategorized"],"_links":{"self":[{"href":"https:\/\/boucles-drome-ardeche.fr\/index.php\/wp-json\/wp\/v2\/posts\/4610","targetHints":{"allow":["GET"]}}],"collection":[{"href":"https:\/\/boucles-drome-ardeche.fr\/index.php\/wp-json\/wp\/v2\/posts"}],"about":[{"href":"https:\/\/boucles-drome-ardeche.fr\/index.php\/wp-json\/wp\/v2\/types\/post"}],"author":[{"embeddable":true,"href":"https:\/\/boucles-drome-ardeche.fr\/index.php\/wp-json\/wp\/v2\/users\/1"}],"replies":[{"embeddable":true,"href":"https:\/\/boucles-drome-ardeche.fr\/index.php\/wp-json\/wp\/v2\/comments?post=4610"}],"version-history":[{"count":1,"href":"https:\/\/boucles-drome-ardeche.fr\/index.php\/wp-json\/wp\/v2\/posts\/4610\/revisions"}],"predecessor-version":[{"id":4611,"href":"https:\/\/boucles-drome-ardeche.fr\/index.php\/wp-json\/wp\/v2\/posts\/4610\/revisions\/4611"}],"wp:featuredmedia":[{"embeddable":true,"href":"https:\/\/boucles-drome-ardeche.fr\/index.php\/wp-json\/wp\/v2\/media\/4609"}],"wp:attachment":[{"href":"https:\/\/boucles-drome-ardeche.fr\/index.php\/wp-json\/wp\/v2\/media?parent=4610"}],"wp:term":[{"taxonomy":"category","embeddable":true,"href":"https:\/\/boucles-drome-ardeche.fr\/index.php\/wp-json\/wp\/v2\/categories?post=4610"},{"taxonomy":"post_tag","embeddable":true,"href":"https:\/\/boucles-drome-ardeche.fr\/index.php\/wp-json\/wp\/v2\/tags?post=4610"}],"curies":[{"name":"wp","href":"https:\/\/api.w.org\/{rel}","templated":true}]}}