{"id":4672,"date":"2026-03-02T13:38:07","date_gmt":"2026-03-02T12:38:07","guid":{"rendered":"https:\/\/boucles-drome-ardeche.fr\/?p=4672"},"modified":"2026-03-02T13:38:09","modified_gmt":"2026-03-02T12:38:09","slug":"les-boucles-drome-ardeche-2026-la-confirmation-dune-nouvelle-dimension","status":"publish","type":"post","link":"https:\/\/boucles-drome-ardeche.fr\/index.php\/2026\/03\/02\/les-boucles-drome-ardeche-2026-la-confirmation-dune-nouvelle-dimension\/","title":{"rendered":"Les Boucles Dr\u00f4me Ard\u00e8che 2026 : la confirmation d&#8217;une nouvelle dimension"},"content":{"rendered":"\n<h2 class=\"wp-block-heading\"><\/h2>\n\n\n\n<p>Port\u00e9es par l&#8217;h\u00e9ritage des Championnats d&#8217;Europe 2025, la FAUN ARDECHE CLASSIC et la FAUN DROME CLASSIC ont franchi un cap en 2026. En Dr\u00f4me comme en Ard\u00e8che, sur les routes devenues mythiques du Val d&#8217;Enfer et du Mur des Royes notamment, le public est venu en nombre tout au long du week-end, attir\u00e9 par un plateau exceptionnel et la promesse d&#8217;un spectacle \u00e0 la hauteur de la renomm\u00e9e internationale acquise l&#8217;an dernier.<\/p>\n\n\n\n<p>Plus que jamais, les meilleures \u00e9quipes du monde ont r\u00e9pondu pr\u00e9sent pour cette 26\u1d49 \u00e9dition, confirmant la place incontournable des deux classiques dans le calendrier du d\u00e9but de saison. Et le sc\u00e9nario sportif a \u00e9t\u00e9 \u00e0 la hauteur de l&#8217;attente populaire.<\/p>\n\n\n\n<h3 class=\"wp-block-heading\">Seixas en d\u00e9monstration en Ard\u00e8che<\/h3>\n\n\n\n<p>Samedi, la Faun Ard\u00e8che Classic a sacr\u00e9 un Paul Seixas (Decathlon CMA CGM) plus impressionnant que jamais. D\u00e9j\u00e0 m\u00e9daill\u00e9 de bronze sur ces routes lors des Championnats d&#8217;Europe 2025, le jeune Fran\u00e7ais a r\u00e9cidiv\u00e9 avec panache. Dans la mont\u00e9e vers Saint-Romain-de-Lerps, via le redoutable Mur des Royes, il a fait exploser la course avant de s&#8217;envoler en solitaire, imitant par son audace et son talent les plus grands l&#8217;an pass\u00e9.<\/p>\n\n\n\n<p>Intouchable jusqu&#8217;\u00e0 Guilherand-Granges, Seixas a devanc\u00e9 Jan Christen (UAE Team Emirates XRG) et Lenny Martinez (Bahrain Victorious), au terme d&#8217;une d\u00e9monstration de force salu\u00e9e par la presse internationale et une foule mass\u00e9e tout au long des ascensions.<\/p>\n\n\n\n<h3 class=\"wp-block-heading\">Gr\u00e9goire au bout du suspense dans la Dr\u00f4me<\/h3>\n\n\n\n<p>Dimanche, la Faun Dr\u00f4me Classic a offert un sc\u00e9nario totalement haletant. Sur les routes vallonn\u00e9es et \u00e0 travers les villages perch\u00e9s, les attaques se sont multipli\u00e9es d\u00e8s le col de la Grande Limite.<\/p>\n\n\n\n<p>\u00c0 17 kilom\u00e8tres de l&#8217;arriv\u00e9e, Romain Gr\u00e9goire (Groupama-FDJ United) et Matteo Jorgenson ont port\u00e9 l&#8217;estocade d\u00e9cisive. Malgr\u00e9 le retour mena\u00e7ant du peloton dans la C\u00f4te Chaude d&#8217;\u00c9toile-sur-Rh\u00f4ne, le duo a r\u00e9sist\u00e9 jusqu&#8217;au sprint final, o\u00f9 le Fran\u00e7ais a fait parler son punch. Lenny Martinez compl\u00e8te le podium pour la deuxi\u00e8me fois du week-end.<\/p>\n\n\n\n<p>Avec ce succ\u00e8s, Gr\u00e9goire rejoint le cercle ferm\u00e9 des coureurs ayant remport\u00e9 les deux \u00e9preuves, et confirme la mont\u00e9e en puissance d&#8217;une g\u00e9n\u00e9ration fran\u00e7aise brillante, sous les yeux d&#8217;un public conquis au son de la deuxi\u00e8me Marseillaise en autant de jours de course.<\/p>\n\n\n\n<h3 class=\"wp-block-heading\">Un cap franchi, de nouveaux d\u00e9fis pour l&#8217;organisation&nbsp;<\/h3>\n\n\n\n<p>Pour Guillaume Delpech, pr\u00e9sident-fondateur de l&#8217;\u00e9preuve, cette \u00e9dition marque un tournant :<br>\u00ab <em>Cette 26\u1d49 \u00e9dition confirme la nouvelle envergure des Boucles Dr\u00f4me Ard\u00e8che apr\u00e8s les Championnats d&#8217;Europe. Nous avons v\u00e9cu deux courses spectaculaires, avec un plateau de classe mondiale et un public exceptionnel. C&#8217;est une immense fiert\u00e9 pour le territoire et pour tous nos partenaires et b\u00e9n\u00e9voles.<\/em> \u00bb<\/p>\n\n\n\n<p><strong>Forte de cette dynamique, l&#8217;organisation se projette d\u00e9j\u00e0 vers un nouveau d\u00e9fi majeur : le d\u00e9veloppement d&#8217;une \u00e9preuve Femmes en lieu et place du Tour de l&#8217;Ard\u00e8che (\u00e9preuve historique du calendrier international avec 23 \u00e9ditions), dont le rendez-vous est fix\u00e9 du 10 au 13 septembre prochain .<\/strong><\/p>\n\n\n\n<p>Apr\u00e8s un week-end 2026 qui a confirm\u00e9 leur rayonnement international, les Boucles Dr\u00f4me Ard\u00e8che \u00e9crivent plus que jamais leur avenir.<\/p>\n","protected":false},"excerpt":{"rendered":"<p>Port\u00e9es par l&#8217;h\u00e9ritage des Championnats d&#8217;Europe 2025, la FAUN ARDECHE CLASSIC  et la FAUN DROME CLASSIC ont&#8230;. <\/p>\n","protected":false},"author":1,"featured_media":4675,"comment_status":"closed","ping_status":"open","sticky":false,"template":"","format":"standard","meta":{"footnotes":""},"categories":[1],"tags":[],"class_list":["post-4672","post","type-post","status-publish","format-standard","has-post-thumbnail","hentry","category-uncategorized"],"_links":{"self":[{"href":"https:\/\/boucles-drome-ardeche.fr\/index.php\/wp-json\/wp\/v2\/posts\/4672","targetHints":{"allow":["GET"]}}],"collection":[{"href":"https:\/\/boucles-drome-ardeche.fr\/index.php\/wp-json\/wp\/v2\/posts"}],"about":[{"href":"https:\/\/boucles-drome-ardeche.fr\/index.php\/wp-json\/wp\/v2\/types\/post"}],"author":[{"embeddable":true,"href":"https:\/\/boucles-drome-ardeche.fr\/index.php\/wp-json\/wp\/v2\/users\/1"}],"replies":[{"embeddable":true,"href":"https:\/\/boucles-drome-ardeche.fr\/index.php\/wp-json\/wp\/v2\/comments?post=4672"}],"version-history":[{"count":1,"href":"https:\/\/boucles-drome-ardeche.fr\/index.php\/wp-json\/wp\/v2\/posts\/4672\/revisions"}],"predecessor-version":[{"id":4676,"href":"https:\/\/boucles-drome-ardeche.fr\/index.php\/wp-json\/wp\/v2\/posts\/4672\/revisions\/4676"}],"wp:featuredmedia":[{"embeddable":true,"href":"https:\/\/boucles-drome-ardeche.fr\/index.php\/wp-json\/wp\/v2\/media\/4675"}],"wp:attachment":[{"href":"https:\/\/boucles-drome-ardeche.fr\/index.php\/wp-json\/wp\/v2\/media?parent=4672"}],"wp:term":[{"taxonomy":"category","embeddable":true,"href":"https:\/\/boucles-drome-ardeche.fr\/index.php\/wp-json\/wp\/v2\/categories?post=4672"},{"taxonomy":"post_tag","embeddable":true,"href":"https:\/\/boucles-drome-ardeche.fr\/index.php\/wp-json\/wp\/v2\/tags?post=4672"}],"curies":[{"name":"wp","href":"https:\/\/api.w.org\/{rel}","templated":true}]}}